{"id":2096,"date":"2022-05-22T11:50:11","date_gmt":"2022-05-22T15:50:11","guid":{"rendered":"http:\/\/nathalieprocikevic.com\/?p=2096"},"modified":"2024-02-14T15:37:35","modified_gmt":"2024-02-14T20:37:35","slug":"appartement-2230-rue-frenette-montreal-saint-laurent","status":"publish","type":"post","link":"https:\/\/nathalieprocikevic.com\/en\/appartement-2230-rue-frenette-montreal-saint-laurent\/","title":{"rendered":"Appartement \u2013 2230 rue Frenette, Montr\u00e9al (<strong>Saint-Laurent<\/strong>)"},"content":{"rendered":"<figure class=\"wp-block-table\"><table><tbody><tr><td><strong>DETAILS OF THE PROPERTY FOR RENT<\/strong><\/td><\/tr><tr><td>** Spacieux haut de duplex r\u00e9nov\u00e9 de 1630 pieds carr\u00e9s**<br>&#8211; 3 chambres + 1 bureau<br>&#8211; 2 Salles de bain<br>&#8211; Chambre \u00e0 coucher principale avec walk-in et salle-de-bain attenante<br>&#8211; Salle de lavage ind\u00e9pendante avec armoires de rangement<br>&#8211; Cuisine avec coin repas<br>&#8211; Grande salle-\u00e0-manger<br>&#8211; Hall d&rsquo;entr\u00e9e spacieux avec grand garde-robe<br>&#8211; Climatiseur mural sera install\u00e9 dans un futur proche<br>&#8211; 2 Balcons avant et arri\u00e8re<br><br>** To note:<br>&#8211; le locataire devra avoir une assurance locataire valide (y compris une assurance responsabilit\u00e9<br>civile jusque 2M) pendant toute la dur\u00e9e du bail &#8211; une preuve de couverture doit \u00eatre fournie<br>avant la date d&rsquo;occupation<br>&#8211; les animaux sont interdits.<br>- Non-smokers (tobacco or cannabis). This accommodation and property are non-smoking.<br>&#8211; Le locataire devra effectuer une enqu\u00eate de cr\u00e9dit \u00e0 ses frais et les r\u00e9sultats devront \u00eatre<br>accept\u00e9s par le bailleur<br>&#8211; Le locataire devra pr\u00e9senter une preuve d&#8217;emploi et de revenus valides.<br>- No airbnb<br>- Subletting not allowed<br>- The tenant will be responsible for damage caused to the apartment other than normal wear and tear<br>- The tenant must acknowledge receipt and agree to comply with the building regulations<\/td><\/tr><\/tbody><\/table><\/figure>","protected":false},"excerpt":{"rendered":"<p>D\u00c9TAILS DE LA PROPRI\u00c9T\u00c9 \u00c0 LOUER ** Spacieux haut de duplex r\u00e9nov\u00e9 de 1630 pieds carr\u00e9s**&#8211; 3 chambres + 1 bureau&#8211; 2 Salles de bain&#8211; Chambre \u00e0 coucher principale avec walk-in et salle-de-bain attenante&#8211; Salle de lavage ind\u00e9pendante avec armoires de rangement&#8211; Cuisine avec coin repas&#8211; Grande salle-\u00e0-manger&#8211; Hall d&rsquo;entr\u00e9e spacieux avec grand garde-robe&#8211; Climatiseur [&hellip;]<\/p>","protected":false},"author":1,"featured_media":2097,"comment_status":"closed","ping_status":"closed","sticky":false,"template":"","format":"standard","meta":{"_uag_custom_page_level_css":"","site-sidebar-layout":"default","site-content-layout":"","ast-site-content-layout":"","site-content-style":"default","site-sidebar-style":"default","ast-global-header-display":"","ast-banner-title-visibility":"","ast-main-header-display":"","ast-hfb-above-header-display":"","ast-hfb-below-header-display":"","ast-hfb-mobile-header-display":"","site-post-title":"","ast-breadcrumbs-content":"","ast-featured-img":"","footer-sml-layout":"","theme-transparent-header-meta":"","adv-header-id-meta":"","stick-header-meta":"","header-above-stick-meta":"","header-main-stick-meta":"","header-below-stick-meta":"","astra-migrate-meta-layouts":"default","ast-page-background-enabled":"default","ast-page-background-meta":{"desktop":{"background-color":"","background-image":"","background-repeat":"repeat","background-position":"center center","background-size":"auto","background-attachment":"scroll","background-type":"","background-media":"","overlay-type":"","overlay-color":"","overlay-opacity":"","overlay-gradient":""},"tablet":{"background-color":"","background-image":"","background-repeat":"repeat","background-position":"center center","background-size":"auto","background-attachment":"scroll","background-type":"","background-media":"","overlay-type":"","overlay-color":"","overlay-opacity":"","overlay-gradient":""},"mobile":{"background-color":"","background-image":"","background-repeat":"repeat","background-position":"center center","background-size":"auto","background-attachment":"scroll","background-type":"","background-media":"","overlay-type":"","overlay-color":"","overlay-opacity":"","overlay-gradient":""}},"ast-content-background-meta":{"desktop":{"background-color":"var(--ast-global-color-5)","background-image":"","background-repeat":"repeat","background-position":"center center","background-size":"auto","background-attachment":"scroll","background-type":"","background-media":"","overlay-type":"","overlay-color":"","overlay-opacity":"","overlay-gradient":""},"tablet":{"background-color":"var(--ast-global-color-5)","background-image":"","background-repeat":"repeat","background-position":"center center","background-size":"auto","background-attachment":"scroll","background-type":"","background-media":"","overlay-type":"","overlay-color":"","overlay-opacity":"","overlay-gradient":""},"mobile":{"background-color":"var(--ast-global-color-5)","background-image":"","background-repeat":"repeat","background-position":"center center","background-size":"auto","background-attachment":"scroll","background-type":"","background-media":"","overlay-type":"","overlay-color":"","overlay-opacity":"","overlay-gradient":""}},"footnotes":""},"categories":[45],"tags":[],"class_list":["post-2096","post","type-post","status-publish","format-standard","has-post-thumbnail","hentry","category-a-louer"],"uagb_featured_image_src":{"full":["https:\/\/nathalieprocikevic.com\/wp-content\/uploads\/2023\/03\/Montage-photo-pastel-danniversaire-dans-la-neige-27-\u00d7-21-cm-30-\u00d7-21-cm-30-\u00d7-23-cm-30-\u00d7-25-cm-30-\u00d7-26-cm-33-\u00d7-26-cm-35-\u00d7-26-cm-1.png",800,594,false],"thumbnail":["https:\/\/nathalieprocikevic.com\/wp-content\/uploads\/2023\/03\/Montage-photo-pastel-danniversaire-dans-la-neige-27-\u00d7-21-cm-30-\u00d7-21-cm-30-\u00d7-23-cm-30-\u00d7-25-cm-30-\u00d7-26-cm-33-\u00d7-26-cm-35-\u00d7-26-cm-1-150x150.png",150,150,true],"medium":["https:\/\/nathalieprocikevic.com\/wp-content\/uploads\/2023\/03\/Montage-photo-pastel-danniversaire-dans-la-neige-27-\u00d7-21-cm-30-\u00d7-21-cm-30-\u00d7-23-cm-30-\u00d7-25-cm-30-\u00d7-26-cm-33-\u00d7-26-cm-35-\u00d7-26-cm-1-300x223.png",300,223,true],"medium_large":["https:\/\/nathalieprocikevic.com\/wp-content\/uploads\/2023\/03\/Montage-photo-pastel-danniversaire-dans-la-neige-27-\u00d7-21-cm-30-\u00d7-21-cm-30-\u00d7-23-cm-30-\u00d7-25-cm-30-\u00d7-26-cm-33-\u00d7-26-cm-35-\u00d7-26-cm-1-768x570.png",768,570,true],"large":["https:\/\/nathalieprocikevic.com\/wp-content\/uploads\/2023\/03\/Montage-photo-pastel-danniversaire-dans-la-neige-27-\u00d7-21-cm-30-\u00d7-21-cm-30-\u00d7-23-cm-30-\u00d7-25-cm-30-\u00d7-26-cm-33-\u00d7-26-cm-35-\u00d7-26-cm-1.png",800,594,false],"1536x1536":["https:\/\/nathalieprocikevic.com\/wp-content\/uploads\/2023\/03\/Montage-photo-pastel-danniversaire-dans-la-neige-27-\u00d7-21-cm-30-\u00d7-21-cm-30-\u00d7-23-cm-30-\u00d7-25-cm-30-\u00d7-26-cm-33-\u00d7-26-cm-35-\u00d7-26-cm-1.png",800,594,false],"2048x2048":["https:\/\/nathalieprocikevic.com\/wp-content\/uploads\/2023\/03\/Montage-photo-pastel-danniversaire-dans-la-neige-27-\u00d7-21-cm-30-\u00d7-21-cm-30-\u00d7-23-cm-30-\u00d7-25-cm-30-\u00d7-26-cm-33-\u00d7-26-cm-35-\u00d7-26-cm-1.png",800,594,false],"trp-custom-language-flag":["https:\/\/nathalieprocikevic.com\/wp-content\/uploads\/2023\/03\/Montage-photo-pastel-danniversaire-dans-la-neige-27-\u00d7-21-cm-30-\u00d7-21-cm-30-\u00d7-23-cm-30-\u00d7-25-cm-30-\u00d7-26-cm-33-\u00d7-26-cm-35-\u00d7-26-cm-1-16x12.png",16,12,true]},"uagb_author_info":{"display_name":"admin","author_link":"https:\/\/nathalieprocikevic.com\/en\/author\/admin\/"},"uagb_comment_info":0,"uagb_excerpt":"D\u00c9TAILS DE LA PROPRI\u00c9T\u00c9 \u00c0 LOUER ** Spacieux haut de duplex r\u00e9nov\u00e9 de 1630 pieds carr\u00e9s**&#8211; 3 chambres + 1 bureau&#8211; 2 Salles de bain&#8211; Chambre \u00e0 coucher principale avec walk-in et salle-de-bain attenante&#8211; Salle de lavage ind\u00e9pendante avec armoires de rangement&#8211; Cuisine avec coin repas&#8211; Grande salle-\u00e0-manger&#8211; Hall d&rsquo;entr\u00e9e spacieux avec grand garde-robe&#8211; Climatiseur&hellip;","_links":{"self":[{"href":"https:\/\/nathalieprocikevic.com\/en\/wp-json\/wp\/v2\/posts\/2096","targetHints":{"allow":["GET"]}}],"collection":[{"href":"https:\/\/nathalieprocikevic.com\/en\/wp-json\/wp\/v2\/posts"}],"about":[{"href":"https:\/\/nathalieprocikevic.com\/en\/wp-json\/wp\/v2\/types\/post"}],"author":[{"embeddable":true,"href":"https:\/\/nathalieprocikevic.com\/en\/wp-json\/wp\/v2\/users\/1"}],"replies":[{"embeddable":true,"href":"https:\/\/nathalieprocikevic.com\/en\/wp-json\/wp\/v2\/comments?post=2096"}],"version-history":[{"count":1,"href":"https:\/\/nathalieprocikevic.com\/en\/wp-json\/wp\/v2\/posts\/2096\/revisions"}],"predecessor-version":[{"id":2098,"href":"https:\/\/nathalieprocikevic.com\/en\/wp-json\/wp\/v2\/posts\/2096\/revisions\/2098"}],"wp:featuredmedia":[{"embeddable":true,"href":"https:\/\/nathalieprocikevic.com\/en\/wp-json\/wp\/v2\/media\/2097"}],"wp:attachment":[{"href":"https:\/\/nathalieprocikevic.com\/en\/wp-json\/wp\/v2\/media?parent=2096"}],"wp:term":[{"taxonomy":"category","embeddable":true,"href":"https:\/\/nathalieprocikevic.com\/en\/wp-json\/wp\/v2\/categories?post=2096"},{"taxonomy":"post_tag","embeddable":true,"href":"https:\/\/nathalieprocikevic.com\/en\/wp-json\/wp\/v2\/tags?post=2096"}],"curies":[{"name":"wp","href":"https:\/\/api.w.org\/{rel}","templated":true}]}}