{"id":49,"date":"2023-03-09T14:32:29","date_gmt":"2023-03-09T19:32:29","guid":{"rendered":"http:\/\/nathalieprocikevic.com\/2022\/11\/16\/9-creative-ways-to-split-rooms-without-walls\/"},"modified":"2024-02-14T15:36:01","modified_gmt":"2024-02-14T20:36:01","slug":"9-creative-ways-to-split-rooms-without-walls","status":"publish","type":"post","link":"https:\/\/nathalieprocikevic.com\/en\/9-creative-ways-to-split-rooms-without-walls\/","title":{"rendered":"Duplex &#8211; 5650 &#8211; 5652 Rue Lafond, Montr\u00e9al (Rosemont)"},"content":{"rendered":"<p><strong>DESCRIPTION OF THE PROPERTY FOR SALE<\/strong><\/p>\n\n\n\n<p><\/p>\n\n\n\n<p>Beautiful semi-detached duplex with garage and beautiful garden. Located right in the center of Old Rosemont between Boulevard de Rosemont and Promenade Masson. Also close to primary schools, secondary schools, parks and public transport.<\/p>\n\n\n\n<p>***Prime location for this beautiful duplex on Lafond Street***<br>--Neighborhood--<br>- Next to Lafond and Maisonneuve Park<br>- Promenade Masson, rue Beaubien, boulevard St-Michel and boulevard de Rosemont: shops, restaurants, SAQ, banks, bakeries, pharmacy and much more.<br>- Transportation: Less than 15 minutes by bus from the Joliette or St-Michel metro stations<br>- Schools: 50 meters from Sainte-Bibiane primary school and 200 meters from Coll\u00e8ge Jean-Eudes<br><br>-- Ground floor available immediately--<br><br>- Single detached garage<br>- 1 outdoor parking lot at the front<br>- 3 closed bedrooms with large windows<br>- Kitchen and bathroom<br>- Beautiful large bright living room<br>- Entrance hall with wardrobe<br>- Large family room and large workshop in the basement with washing machine installation.<br>- Balcony at the back with a view of a well-maintained cosy backyard.<br><br>-- Second floor --<br><br>- 3 bedrooms, one with washer\/dryer installation<br>- Beautiful bright living room<br>- Bathroom and kitchen<br>- Rear balcony<br>- Large storage space in the basement accessible by door at the back of the building<\/p>\n\n\n\n<p>Included: 5650: Stove, fridge, washer, curtains<\/p>\n\n\n\n<p>Excluded: Tenant's personal belongings at 5652<\/p>\n\n\n\n<p>Sale without legal warranty of quality, at the buyer's risk and peril<\/p>\n\n\n\n<p><strong>For more information <a rel=\"noreferrer noopener\" href=\"https:\/\/www.suttonquebec.com\/fr\/inscription\/duplex-a-vendre-5650-5652-rue-lafond-montreal-rosemont-la-petite-patrie-.html?noInscription=15461590&amp;typeInscription=1\" target=\"_blank\">Click here<\/a>.<\/strong><\/p>\n\n\n\n<p><\/p>","protected":false},"excerpt":{"rendered":"<p>Lorem ipsum dolor sit amet, consectetur adipiscing elit, sed do eiusmod tempor incididunt ut labore et dolore magna aliqua. Ut enim ad minim veniam, quis nostrud exercitation ullamco laboris nisi ut aliquip ex ea commodo consequat.<\/p>","protected":false},"author":1,"featured_media":2288,"comment_status":"closed","ping_status":"closed","sticky":false,"template":"","format":"standard","meta":{"_uag_custom_page_level_css":"","site-sidebar-layout":"default","site-content-layout":"","ast-site-content-layout":"","site-content-style":"default","site-sidebar-style":"default","ast-global-header-display":"","ast-banner-title-visibility":"","ast-main-header-display":"","ast-hfb-above-header-display":"","ast-hfb-below-header-display":"","ast-hfb-mobile-header-display":"","site-post-title":"","ast-breadcrumbs-content":"","ast-featured-img":"","footer-sml-layout":"","theme-transparent-header-meta":"","adv-header-id-meta":"","stick-header-meta":"","header-above-stick-meta":"","header-main-stick-meta":"","header-below-stick-meta":"","astra-migrate-meta-layouts":"default","ast-page-background-enabled":"default","ast-page-background-meta":{"desktop":{"background-color":"","background-image":"","background-repeat":"repeat","background-position":"center center","background-size":"auto","background-attachment":"scroll","background-type":"","background-media":"","overlay-type":"","overlay-color":"","overlay-opacity":"","overlay-gradient":""},"tablet":{"background-color":"","background-image":"","background-repeat":"repeat","background-position":"center center","background-size":"auto","background-attachment":"scroll","background-type":"","background-media":"","overlay-type":"","overlay-color":"","overlay-opacity":"","overlay-gradient":""},"mobile":{"background-color":"","background-image":"","background-repeat":"repeat","background-position":"center center","background-size":"auto","background-attachment":"scroll","background-type":"","background-media":"","overlay-type":"","overlay-color":"","overlay-opacity":"","overlay-gradient":""}},"ast-content-background-meta":{"desktop":{"background-color":"var(--ast-global-color-5)","background-image":"","background-repeat":"repeat","background-position":"center center","background-size":"auto","background-attachment":"scroll","background-type":"","background-media":"","overlay-type":"","overlay-color":"","overlay-opacity":"","overlay-gradient":""},"tablet":{"background-color":"var(--ast-global-color-5)","background-image":"","background-repeat":"repeat","background-position":"center center","background-size":"auto","background-attachment":"scroll","background-type":"","background-media":"","overlay-type":"","overlay-color":"","overlay-opacity":"","overlay-gradient":""},"mobile":{"background-color":"var(--ast-global-color-5)","background-image":"","background-repeat":"repeat","background-position":"center center","background-size":"auto","background-attachment":"scroll","background-type":"","background-media":"","overlay-type":"","overlay-color":"","overlay-opacity":"","overlay-gradient":""}},"footnotes":""},"categories":[46],"tags":[],"class_list":["post-49","post","type-post","status-publish","format-standard","has-post-thumbnail","hentry","category-a-vendre"],"uagb_featured_image_src":{"full":["https:\/\/nathalieprocikevic.com\/wp-content\/uploads\/2023\/03\/Montage-photo-pastel-danniversaire-dans-la-neige-27-\u00d7-21-cm-30-\u00d7-21-cm-30-\u00d7-23-cm-30-\u00d7-25-cm-30-\u00d7-26-cm-33-\u00d7-26-cm-35-\u00d7-26-cm-8.png",2000,1486,false],"thumbnail":["https:\/\/nathalieprocikevic.com\/wp-content\/uploads\/2023\/03\/Montage-photo-pastel-danniversaire-dans-la-neige-27-\u00d7-21-cm-30-\u00d7-21-cm-30-\u00d7-23-cm-30-\u00d7-25-cm-30-\u00d7-26-cm-33-\u00d7-26-cm-35-\u00d7-26-cm-8-150x150.png",150,150,true],"medium":["https:\/\/nathalieprocikevic.com\/wp-content\/uploads\/2023\/03\/Montage-photo-pastel-danniversaire-dans-la-neige-27-\u00d7-21-cm-30-\u00d7-21-cm-30-\u00d7-23-cm-30-\u00d7-25-cm-30-\u00d7-26-cm-33-\u00d7-26-cm-35-\u00d7-26-cm-8-300x223.png",300,223,true],"medium_large":["https:\/\/nathalieprocikevic.com\/wp-content\/uploads\/2023\/03\/Montage-photo-pastel-danniversaire-dans-la-neige-27-\u00d7-21-cm-30-\u00d7-21-cm-30-\u00d7-23-cm-30-\u00d7-25-cm-30-\u00d7-26-cm-33-\u00d7-26-cm-35-\u00d7-26-cm-8-768x571.png",768,571,true],"large":["https:\/\/nathalieprocikevic.com\/wp-content\/uploads\/2023\/03\/Montage-photo-pastel-danniversaire-dans-la-neige-27-\u00d7-21-cm-30-\u00d7-21-cm-30-\u00d7-23-cm-30-\u00d7-25-cm-30-\u00d7-26-cm-33-\u00d7-26-cm-35-\u00d7-26-cm-8-1024x761.png",1024,761,true],"1536x1536":["https:\/\/nathalieprocikevic.com\/wp-content\/uploads\/2023\/03\/Montage-photo-pastel-danniversaire-dans-la-neige-27-\u00d7-21-cm-30-\u00d7-21-cm-30-\u00d7-23-cm-30-\u00d7-25-cm-30-\u00d7-26-cm-33-\u00d7-26-cm-35-\u00d7-26-cm-8-1536x1141.png",1536,1141,true],"2048x2048":["https:\/\/nathalieprocikevic.com\/wp-content\/uploads\/2023\/03\/Montage-photo-pastel-danniversaire-dans-la-neige-27-\u00d7-21-cm-30-\u00d7-21-cm-30-\u00d7-23-cm-30-\u00d7-25-cm-30-\u00d7-26-cm-33-\u00d7-26-cm-35-\u00d7-26-cm-8.png",2000,1486,false],"trp-custom-language-flag":["https:\/\/nathalieprocikevic.com\/wp-content\/uploads\/2023\/03\/Montage-photo-pastel-danniversaire-dans-la-neige-27-\u00d7-21-cm-30-\u00d7-21-cm-30-\u00d7-23-cm-30-\u00d7-25-cm-30-\u00d7-26-cm-33-\u00d7-26-cm-35-\u00d7-26-cm-8-16x12.png",16,12,true]},"uagb_author_info":{"display_name":"admin","author_link":"https:\/\/nathalieprocikevic.com\/en\/author\/admin\/"},"uagb_comment_info":0,"uagb_excerpt":"Lorem ipsum dolor sit amet, consectetur adipiscing elit, sed do eiusmod tempor incididunt ut labore et dolore magna aliqua. Ut enim ad minim veniam, quis nostrud exercitation ullamco laboris nisi ut aliquip ex ea commodo consequat.","_links":{"self":[{"href":"https:\/\/nathalieprocikevic.com\/en\/wp-json\/wp\/v2\/posts\/49","targetHints":{"allow":["GET"]}}],"collection":[{"href":"https:\/\/nathalieprocikevic.com\/en\/wp-json\/wp\/v2\/posts"}],"about":[{"href":"https:\/\/nathalieprocikevic.com\/en\/wp-json\/wp\/v2\/types\/post"}],"author":[{"embeddable":true,"href":"https:\/\/nathalieprocikevic.com\/en\/wp-json\/wp\/v2\/users\/1"}],"replies":[{"embeddable":true,"href":"https:\/\/nathalieprocikevic.com\/en\/wp-json\/wp\/v2\/comments?post=49"}],"version-history":[{"count":5,"href":"https:\/\/nathalieprocikevic.com\/en\/wp-json\/wp\/v2\/posts\/49\/revisions"}],"predecessor-version":[{"id":2068,"href":"https:\/\/nathalieprocikevic.com\/en\/wp-json\/wp\/v2\/posts\/49\/revisions\/2068"}],"wp:featuredmedia":[{"embeddable":true,"href":"https:\/\/nathalieprocikevic.com\/en\/wp-json\/wp\/v2\/media\/2288"}],"wp:attachment":[{"href":"https:\/\/nathalieprocikevic.com\/en\/wp-json\/wp\/v2\/media?parent=49"}],"wp:term":[{"taxonomy":"category","embeddable":true,"href":"https:\/\/nathalieprocikevic.com\/en\/wp-json\/wp\/v2\/categories?post=49"},{"taxonomy":"post_tag","embeddable":true,"href":"https:\/\/nathalieprocikevic.com\/en\/wp-json\/wp\/v2\/tags?post=49"}],"curies":[{"name":"wp","href":"https:\/\/api.w.org\/{rel}","templated":true}]}}